{"id":2523,"date":"2023-05-31T07:00:58","date_gmt":"2023-05-31T05:00:58","guid":{"rendered":"https:\/\/limbeck.com\/?p=2523"},"modified":"2023-07-14T14:17:21","modified_gmt":"2023-07-14T12:17:21","slug":"64-oesterreichischer-chirurgenkongress","status":"publish","type":"post","link":"https:\/\/limbeck.com\/en\/64-oesterreichischer-chirurgenkongress\/","title":{"rendered":"64<sup>th<\/sup> Annual Meeting of the Austrian Society of General Surgeons"},"content":{"rendered":"<p>More detailed information only available in <a href=\"https:\/\/limbeck.com\/de\/wp-json\/wp\/v2\/posts\/2523\" class=\"qtranxs-available-language-link qtranxs-available-language-link-de\" title=\"Deutsch\">German<\/a><!--more-->:<\/p><p>Die Pr\u00e4sentation neuester Technologien sowie die M\u00f6glichkeit des Erfahrungsaustausches sind wichtiger Bestandteil der medizinischen Versorgung. Als verl\u00e4sslicher Partner in der Medizin unterst\u00fctzen wir gerne die \u00d6sterreichische Gesellschaft f\u00fcr Chirurgie durch unsere Teilnahme an der Jahrestagung.<\/p>\n<p>Wir freuen uns auf Ihren Besuch an unserem Stand. <!--more-->Sie finden uns im Erdgescho\u00df.<\/p>\n<p><strong>Unsere Ausstellungsschwerpunkte sind dieses Jahr:<\/strong><\/p>\n<ul>\n<li><strong>Instrumente f\u00fcr die Gef\u00e4\u00dfchirurgie<\/strong><br \/>\n<a href=\"https:\/\/limbeck.com\/mikrochirurgie-die-kunst-der-praezision\" target=\"_blank\" rel=\"noopener\">Mehr erfahren<\/a><\/li>\n<li><strong>Laparoskopische Instrumente<\/strong><br \/>\n<a href=\"https:\/\/limbeck.com\/alles-fuer-die-laparoskopie\/\" target=\"_blank\" rel=\"noopener\">Mehr erfahren<\/a><\/li>\n<li><strong>THOMPSON \u2013 Das Original der tischmontierten Retraktoren<\/strong><br \/>\n<a href=\"https:\/\/limbeck.com\/thompson-retraktor-das-original\/\" target=\"_blank\" rel=\"noopener\">Mehr erfahren<\/a><\/li>\n<\/ul>\n<p><strong>Daten:<\/strong><\/p>\n<p>64. \u00d6sterreichischer Chirurgenkongress<br \/>\nGemeinsam mit der 55. Jahrestagung der \u00d6GG<br \/>\nSalzburg Congress<br \/>\n14. \u2013 16. Juni 2023<\/p>\n<p>Weitere Details zu dieser Veranstaltung finden Sie <a href=\"https:\/\/www.chirurgenkongress.at\/64\/index.php\/programm\" target=\"_blank\" rel=\"noopener\">hier<\/a>.<\/p>\n<p>Besuchen Sie uns an unserem Stand! Wir beraten Sie gerne!<\/p>\n<div><strong>Jetzt anrufen: <\/strong><a href=\"tel:+43 1 767 55 21\">+43 1 767 55 21<\/a><\/div>\n<div>\n<p><strong>Jetzt Mail schreiben:<\/strong> <a href=\"mailto:office@limbeck.com\">office@limbeck.com<\/a><\/p>\n<\/div>\n<p><\/p>","protected":false},"excerpt":{"rendered":"<p>More detailed information only available in German:Die Pr\u00e4sentation neuester Technologien sowie die M\u00f6glichkeit des Erfahrungsaustausches sind wichtiger Bestandteil der medizinischen Versorgung. Als verl\u00e4sslicher Partner in der Medizin unterst\u00fctzen wir gerne die \u00d6sterreichische Gesellschaft f\u00fcr Chirurgie durch unsere Teilnahme an der Jahrestagung. Wir freuen uns auf Ihren Besuch an unserem Stand.<\/p>\n","protected":false},"author":2,"featured_media":1464,"comment_status":"closed","ping_status":"closed","sticky":false,"template":"","format":"standard","meta":{"footnotes":""},"categories":[3],"acf":[],"aioseo_notices":[],"_links":{"self":[{"href":"https:\/\/limbeck.com\/en\/wp-json\/wp\/v2\/posts\/2523"}],"collection":[{"href":"https:\/\/limbeck.com\/en\/wp-json\/wp\/v2\/posts"}],"about":[{"href":"https:\/\/limbeck.com\/en\/wp-json\/wp\/v2\/types\/post"}],"author":[{"embeddable":true,"href":"https:\/\/limbeck.com\/en\/wp-json\/wp\/v2\/users\/2"}],"replies":[{"embeddable":true,"href":"https:\/\/limbeck.com\/en\/wp-json\/wp\/v2\/comments?post=2523"}],"version-history":[{"count":16,"href":"https:\/\/limbeck.com\/en\/wp-json\/wp\/v2\/posts\/2523\/revisions"}],"predecessor-version":[{"id":2621,"href":"https:\/\/limbeck.com\/en\/wp-json\/wp\/v2\/posts\/2523\/revisions\/2621"}],"wp:featuredmedia":[{"embeddable":true,"href":"https:\/\/limbeck.com\/en\/wp-json\/wp\/v2\/media\/1464"}],"wp:attachment":[{"href":"https:\/\/limbeck.com\/en\/wp-json\/wp\/v2\/media?parent=2523"}],"wp:term":[{"taxonomy":"category","embeddable":true,"href":"https:\/\/limbeck.com\/en\/wp-json\/wp\/v2\/categories?post=2523"}],"curies":[{"name":"wp","href":"https:\/\/api.w.org\/{rel}","templated":true}]}}